{"id":1778,"date":"2026-01-01T18:24:10","date_gmt":"2026-01-01T17:24:10","guid":{"rendered":"https:\/\/vazak.net\/?p=1778"},"modified":"2026-01-01T18:24:51","modified_gmt":"2026-01-01T17:24:51","slug":"u-spomen-2","status":"publish","type":"post","link":"https:\/\/vazak.net\/?p=1778","title":{"rendered":"U spomen"},"content":{"rendered":"\n<figure class=\"wp-block-image size-large is-resized\"><img loading=\"lazy\" decoding=\"async\" width=\"1024\" height=\"492\" src=\"http:\/\/vazak.net\/wp-content\/uploads\/2026\/01\/vvv-1024x492.jpg\" alt=\"\" class=\"wp-image-1780\" style=\"width:737px;height:auto\" srcset=\"https:\/\/vazak.net\/wp-content\/uploads\/2026\/01\/vvv-1024x492.jpg 1024w, https:\/\/vazak.net\/wp-content\/uploads\/2026\/01\/vvv-300x144.jpg 300w, https:\/\/vazak.net\/wp-content\/uploads\/2026\/01\/vvv-768x369.jpg 768w, https:\/\/vazak.net\/wp-content\/uploads\/2026\/01\/vvv-1536x738.jpg 1536w, https:\/\/vazak.net\/wp-content\/uploads\/2026\/01\/vvv.jpg 1724w\" sizes=\"auto, (max-width: 1024px) 100vw, 1024px\" \/><\/figure>\n\n\n\n<p><\/p>\n\n\n\n<p class=\"has-text-align-center has-large-font-size\"><strong>Vera Zemuni\u0107<\/strong><\/p>\n\n\n\n<p class=\"has-text-align-center has-medium-font-size\">(04.03.1938.-31.12.2025.)<\/p>\n\n\n\n<p>Dana 31.12.2025. godine nas je, nakon kratke i te\u0161ke bolesti, napustila dugogodi\u0161nja \u010dlanica na\u0161eg zagoneta\u010dkog kluba.<\/p>\n\n\n\n<p>Ro\u0111ena je u Zagrebu, U\u010diteljsku \u0161kolu zavr\u0161ila je u Osijeku te je kao u\u010diteljica radila prvo u Slavoniji a najve\u0107i dio svoga radnog vijeka provela je u Me\u0111imurju. Njezina najve\u0107a ljubav bila je pisanje pjesama i pri\u010da za djecu koje je objavljivala u raznim dje\u010djim \u010dasopisima. Objavila je desetak zbirki pri\u010da i pjesama za djecu, slikovnica i romana za djecu. Posljednju zbirku pri\u010da za djecu \u201eKako se raste\u201c je objavila 2025. godine u izdanju Ogranka Matice hrvatske u \u010cakovcu. Aktivno je sudjelovala u kulturnom i knji\u017eevnom \u017eivotu unutar Ogranka Matice hrvatske u \u010cakovcu u kojem je bila \u010dlanica predsjedni\u0161tva.<\/p>\n\n\n\n<p>Posljednji ispra\u0107aj na\u0161e drage Vere bit \u0107e odr\u017ean u petak, 2. sije\u010dnja 2026. godine, u 14 &nbsp;sati na \u010dakove\u010dkom gradskom groblju u Mihovljanu.<\/p>\n\n\n\n<p><\/p>\n\n\n\n<p class=\"has-text-align-center\">Hvala Ti na svemu \u0161to si u\u010dinila za na\u0161 klub i za zagoneta\u0161tvo u Hrvatskoj.<\/p>\n\n\n\n<p class=\"has-text-align-center\">Po\u010divala u miru!<\/p>\n\n\n\n<p class=\"has-text-align-center\">Zagoneta\u010dka udruga Vazak<\/p>\n\n\n\n<p><\/p>\n","protected":false},"excerpt":{"rendered":"<p>Vera Zemuni\u0107 (04.03.1938.-31.12.2025.) Dana 31.12.2025. godine nas je, nakon kratke i te\u0161ke bolesti, napustila dugogodi\u0161nja \u010dlanica na\u0161eg zagoneta\u010dkog kluba. Ro\u0111ena je u Zagrebu, U\u010diteljsku \u0161kolu zavr\u0161ila je u Osijeku te je kao u\u010diteljica radila prvo u Slavoniji a najve\u0107i dio svoga radnog vijeka provela je u Me\u0111imurju. Njezina najve\u0107a ljubav bila je pisanje pjesama i [&hellip;]<\/p>\n","protected":false},"author":1,"featured_media":0,"comment_status":"open","ping_status":"open","sticky":false,"template":"","format":"standard","meta":{"footnotes":""},"categories":[1],"tags":[],"class_list":["post-1778","post","type-post","status-publish","format-standard","hentry","category-nekategorizirano"],"_links":{"self":[{"href":"https:\/\/vazak.net\/index.php?rest_route=\/wp\/v2\/posts\/1778","targetHints":{"allow":["GET"]}}],"collection":[{"href":"https:\/\/vazak.net\/index.php?rest_route=\/wp\/v2\/posts"}],"about":[{"href":"https:\/\/vazak.net\/index.php?rest_route=\/wp\/v2\/types\/post"}],"author":[{"embeddable":true,"href":"https:\/\/vazak.net\/index.php?rest_route=\/wp\/v2\/users\/1"}],"replies":[{"embeddable":true,"href":"https:\/\/vazak.net\/index.php?rest_route=%2Fwp%2Fv2%2Fcomments&post=1778"}],"version-history":[{"count":3,"href":"https:\/\/vazak.net\/index.php?rest_route=\/wp\/v2\/posts\/1778\/revisions"}],"predecessor-version":[{"id":1782,"href":"https:\/\/vazak.net\/index.php?rest_route=\/wp\/v2\/posts\/1778\/revisions\/1782"}],"wp:attachment":[{"href":"https:\/\/vazak.net\/index.php?rest_route=%2Fwp%2Fv2%2Fmedia&parent=1778"}],"wp:term":[{"taxonomy":"category","embeddable":true,"href":"https:\/\/vazak.net\/index.php?rest_route=%2Fwp%2Fv2%2Fcategories&post=1778"},{"taxonomy":"post_tag","embeddable":true,"href":"https:\/\/vazak.net\/index.php?rest_route=%2Fwp%2Fv2%2Ftags&post=1778"}],"curies":[{"name":"wp","href":"https:\/\/api.w.org\/{rel}","templated":true}]}}