{"id":1752,"date":"2025-12-15T07:11:15","date_gmt":"2025-12-15T06:11:15","guid":{"rendered":"https:\/\/vazak.net\/?p=1752"},"modified":"2025-12-15T07:12:29","modified_gmt":"2025-12-15T06:12:29","slug":"sastanak-zu-vazak-3","status":"publish","type":"post","link":"https:\/\/vazak.net\/?p=1752","title":{"rendered":"Sastanak ZU Vazak"},"content":{"rendered":"\n<figure class=\"wp-block-image size-large\"><img loading=\"lazy\" decoding=\"async\" width=\"1024\" height=\"768\" src=\"http:\/\/vazak.net\/wp-content\/uploads\/2025\/12\/prosinac-2025_2-1024x768.jpg\" alt=\"\" class=\"wp-image-1751\" srcset=\"https:\/\/vazak.net\/wp-content\/uploads\/2025\/12\/prosinac-2025_2-1024x768.jpg 1024w, https:\/\/vazak.net\/wp-content\/uploads\/2025\/12\/prosinac-2025_2-300x225.jpg 300w, https:\/\/vazak.net\/wp-content\/uploads\/2025\/12\/prosinac-2025_2-768x576.jpg 768w, https:\/\/vazak.net\/wp-content\/uploads\/2025\/12\/prosinac-2025_2.jpg 1200w\" sizes=\"auto, (max-width: 1024px) 100vw, 1024px\" \/><\/figure>\n\n\n\n<p><\/p>\n\n\n\n<figure class=\"wp-block-image size-large\"><img loading=\"lazy\" decoding=\"async\" width=\"1024\" height=\"768\" src=\"http:\/\/vazak.net\/wp-content\/uploads\/2025\/12\/prosinac-2025_1-1024x768.jpg\" alt=\"\" class=\"wp-image-1750\" srcset=\"https:\/\/vazak.net\/wp-content\/uploads\/2025\/12\/prosinac-2025_1-1024x768.jpg 1024w, https:\/\/vazak.net\/wp-content\/uploads\/2025\/12\/prosinac-2025_1-300x225.jpg 300w, https:\/\/vazak.net\/wp-content\/uploads\/2025\/12\/prosinac-2025_1-768x576.jpg 768w, https:\/\/vazak.net\/wp-content\/uploads\/2025\/12\/prosinac-2025_1.jpg 1200w\" sizes=\"auto, (max-width: 1024px) 100vw, 1024px\" \/><\/figure>\n\n\n\n<p>\u0110uri\u0107 Milan, Gali\u0107 Darko, Markoba\u0161i\u0107 Mladen, Ivan \u010coti\u0107, Antun Golubi\u0107, Miroslav Sabol\u010dec i Josip Vrbanec (u smjeru kazaljke na satu).<\/p>\n\n\n\n<p><\/p>\n\n\n\n<p>U subotu, 13. prosinca 2025. godine, odr\u017ean je redoviti, posljednji u ovoj godini, sastanak ZU Vazak.<\/p>\n\n\n\n<p>Govora je uglavnom bilo o organizaciji nadolaze\u0107eg, 42. SOZAH-a, koji \u0107e se odr\u017eati slijede\u0107e godine .<\/p>\n","protected":false},"excerpt":{"rendered":"<p>\u0110uri\u0107 Milan, Gali\u0107 Darko, Markoba\u0161i\u0107 Mladen, Ivan \u010coti\u0107, Antun Golubi\u0107, Miroslav Sabol\u010dec i Josip Vrbanec (u smjeru kazaljke na satu). U subotu, 13. prosinca 2025. godine, odr\u017ean je redoviti, posljednji u ovoj godini, sastanak ZU Vazak. Govora je uglavnom bilo o organizaciji nadolaze\u0107eg, 42. SOZAH-a, koji \u0107e se odr\u017eati slijede\u0107e godine .<\/p>\n","protected":false},"author":1,"featured_media":0,"comment_status":"open","ping_status":"open","sticky":false,"template":"","format":"standard","meta":{"footnotes":""},"categories":[1],"tags":[],"class_list":["post-1752","post","type-post","status-publish","format-standard","hentry","category-nekategorizirano"],"_links":{"self":[{"href":"https:\/\/vazak.net\/index.php?rest_route=\/wp\/v2\/posts\/1752","targetHints":{"allow":["GET"]}}],"collection":[{"href":"https:\/\/vazak.net\/index.php?rest_route=\/wp\/v2\/posts"}],"about":[{"href":"https:\/\/vazak.net\/index.php?rest_route=\/wp\/v2\/types\/post"}],"author":[{"embeddable":true,"href":"https:\/\/vazak.net\/index.php?rest_route=\/wp\/v2\/users\/1"}],"replies":[{"embeddable":true,"href":"https:\/\/vazak.net\/index.php?rest_route=%2Fwp%2Fv2%2Fcomments&post=1752"}],"version-history":[{"count":2,"href":"https:\/\/vazak.net\/index.php?rest_route=\/wp\/v2\/posts\/1752\/revisions"}],"predecessor-version":[{"id":1754,"href":"https:\/\/vazak.net\/index.php?rest_route=\/wp\/v2\/posts\/1752\/revisions\/1754"}],"wp:attachment":[{"href":"https:\/\/vazak.net\/index.php?rest_route=%2Fwp%2Fv2%2Fmedia&parent=1752"}],"wp:term":[{"taxonomy":"category","embeddable":true,"href":"https:\/\/vazak.net\/index.php?rest_route=%2Fwp%2Fv2%2Fcategories&post=1752"},{"taxonomy":"post_tag","embeddable":true,"href":"https:\/\/vazak.net\/index.php?rest_route=%2Fwp%2Fv2%2Ftags&post=1752"}],"curies":[{"name":"wp","href":"https:\/\/api.w.org\/{rel}","templated":true}]}}