{"id":1471,"date":"2024-03-01T18:12:18","date_gmt":"2024-03-01T17:12:18","guid":{"rendered":"http:\/\/vazak.net\/?p=1471"},"modified":"2024-03-01T18:16:13","modified_gmt":"2024-03-01T17:16:13","slug":"autori-tematskih-krizaljki-za-medimurje-2024","status":"publish","type":"post","link":"https:\/\/vazak.net\/?p=1471","title":{"rendered":"Autori tematskih kri\u017ealjki za Me\u0111imurje &#8211; 2024"},"content":{"rendered":"\n<figure class=\"wp-block-table\"><table><tbody><tr><td colspan=\"5\">                          <strong>Raspored tematskih kri\u017ealjki za &#8221;Me\u0111imurje&#8221; u 2024. godini<\/strong><\/td><\/tr><tr><td><\/td><td><\/td><td><\/td><td><\/td><td><\/td><\/tr><tr><td>&nbsp;<\/td><td><strong>Blagdan ili prigodan dan<\/strong><\/td><td><strong>Datum blagdana<\/strong><\/td><td><strong>Datum izlaska<\/strong><\/td><td><strong>Sastavlja\u010d<\/strong><\/td><\/tr><tr><td><strong>1.<\/strong><\/td><td><strong>Uskrs<\/strong><\/td><td><strong>31.03.2024.<\/strong><\/td><td><strong>30.03.2024.<\/strong><\/td><td><strong>Antun Golubi\u0107<\/strong><\/td><\/tr><tr><td><strong>2.<\/strong><\/td><td><strong>Dan Me\u0111imurske \u017eupanije<\/strong><\/td><td><strong>30.04.2024.<\/strong><\/td><td><strong>22.04.2024.<\/strong><\/td><td><strong>Ivan \u010coti\u0107<\/strong><\/td><\/tr><tr><td><strong>3.<\/strong><\/td><td><strong>Praznik rada<\/strong><\/td><td><strong>01.05.2024.<\/strong><\/td><td><strong>29.05.2024.<\/strong><\/td><td><strong>Mladen Markoba\u0161i\u0107<\/strong><\/td><\/tr><tr><td><strong>4.<\/strong><\/td><td><strong>Maj\u010din dan<\/strong><\/td><td><strong>14.05.2024.<\/strong><\/td><td><strong>13.05.2024.<\/strong><\/td><td><strong>Milan \u0110uri\u0107<\/strong><\/td><\/tr><tr><td><strong>5.<\/strong><\/td><td><strong>Dan grada \u010cakovca<\/strong><\/td><td><strong>29.05.2024.<\/strong><\/td><td><strong>20.04.2024.<\/strong><\/td><td><strong>Miro Sabol\u010dec<\/strong><\/td><\/tr><tr><td><strong>6.<\/strong><\/td><td><strong>Dan dr\u017eavnosti<\/strong><\/td><td><strong>30.05.2024.<\/strong><\/td><td><strong>27.05.2024.<\/strong><\/td><td><strong>Antun Golubi\u0107<\/strong><\/td><\/tr><tr><td><strong>7.<\/strong><\/td><td><strong>Tijelovo<\/strong><\/td><td><strong>08.06.2024.<\/strong><\/td><td><strong>03.06.2024.<\/strong><\/td><td><strong>Milan \u0110uri\u0107<\/strong><\/td><\/tr><tr><td><strong>8.<\/strong><\/td><td><strong>Dan antifa\u0161isti\u010dke borbe<\/strong><\/td><td><strong>22.06.2024.<\/strong><\/td><td><strong>17.06.2024.<\/strong><\/td><td><strong>Ivan \u010coti\u0107<\/strong><\/td><\/tr><tr><td><strong>9.<\/strong><\/td><td><strong>Dan neovisnosti RH<\/strong><\/td><td><strong>25.06.2024.<\/strong><\/td><td><strong>24.06.2024.<\/strong><\/td><td><strong>Darko Gali\u0107<\/strong><\/td><\/tr><tr><td><strong>10.<\/strong><\/td><td><strong>Porcijunkulovo<\/strong><\/td><td><strong>01.-05. 08.2024.<\/strong><\/td><td><strong>29.07.2024.<\/strong><\/td><td><strong>Snje\u017eana Jagar<\/strong><\/td><\/tr><tr><td><strong>11.<\/strong><\/td><td><strong>Dan pobjede i domovinske zahvalnosti i dan hrvatskih branitelja<\/strong><\/td><td><strong>05.08.2024.<\/strong><\/td><td><strong>05.08.2024.<\/strong><\/td><td><strong>Ivan \u010coti\u0107<\/strong><\/td><\/tr><tr><td><strong>12.<\/strong><\/td><td><strong>Velika Gospa<\/strong><\/td><td><strong>15.08.2024.<\/strong><\/td><td><strong>12.08.2024.<\/strong><\/td><td><strong>Miro Sabol\u010dec<\/strong><\/td><\/tr><tr><td><strong>13.<\/strong><\/td><td><strong>Europski dan sje\u0107anja na \u017ertve totalitarnih re\u017eima<\/strong><\/td><td><strong>23.08.2024.<\/strong><\/td><td><strong>19.08.2024.<\/strong><\/td><td><strong>Antun Golubi\u0107<\/strong><\/td><\/tr><tr><td><strong>14.<\/strong><\/td><td><strong>Dan sje\u0107anja na nestale osobe u Domovinskom ratu<\/strong><\/td><td><strong>30.08.2024.<\/strong><\/td><td><strong>02.09.2024.<\/strong><\/td><td><strong>Ivan \u010coti\u0107<\/strong><\/td><\/tr><tr><td><strong>15.<\/strong><\/td><td><strong>Dan Hrvatskog sabora<\/strong><\/td><td><strong>08.10.2024.<\/strong><\/td><td><strong>07.10.2024.<\/strong><\/td><td><strong>Antun Golubi\u0107<\/strong><\/td><\/tr><tr><td><strong>16.<\/strong><\/td><td><strong>Svi sveti<\/strong><\/td><td><strong>01.11.2024.<\/strong><\/td><td><strong>28.10.2024.<\/strong><\/td><td><strong>Milan \u0110uri\u0107<\/strong><\/td><\/tr><tr><td><strong>17.<\/strong><\/td><td><strong>Dan sje\u0107anja na \u017ertve domovinskog rata, Vukovara i \u0160kabrnje<\/strong><\/td><td><strong>18.11.2024.<\/strong><\/td><td><strong>18.11.2024.<\/strong><\/td><td><strong>Mladen Markoba\u0161i\u0107<\/strong><\/td><\/tr><tr><td><strong>18.<\/strong><\/td><td><strong>&nbsp;Sveti Nikola<\/strong><\/td><td><strong>06.12.2024.<\/strong><\/td><td><strong>02.12.2024.<\/strong><\/td><td><strong>Ljiljana Bogojevi\u0107<\/strong><\/td><\/tr><tr><td><strong>19.<\/strong><\/td><td><strong>Bo\u017ei\u0107<\/strong><\/td><td><strong>25.12.2024.<\/strong><\/td><td><strong>23.12.2024.<\/strong><\/td><td><strong>Miro Sabol\u010dec<\/strong><\/td><\/tr><tr><td><strong>20.<\/strong><\/td><td><strong>Nova godina<\/strong><\/td><td><strong>01.01.2024.<\/strong><\/td><td><strong>30.12.2024.<\/strong><\/td><td><strong>Milan \u0110uri\u0107<\/strong><\/td><\/tr><tr><td><strong>21.<\/strong><\/td><td><strong>Sveta tri kralja<\/strong><\/td><td><strong>06.01.2025.<\/strong><\/td><td><strong>06.01.2025.<\/strong><\/td><td><strong>Snje\u017eana Jagar<\/strong><\/td><\/tr><tr><td><strong>22.<\/strong><\/td><td><strong>&nbsp;<\/strong><\/td><td><strong>&nbsp;<\/strong><\/td><td><strong>&nbsp;<\/strong><\/td><td><strong>&nbsp;<\/strong><\/td><\/tr><\/tbody><\/table><\/figure>\n","protected":false},"excerpt":{"rendered":"<p>Raspored tematskih kri\u017ealjki za &#8221;Me\u0111imurje&#8221; u 2024. godini &nbsp; Blagdan ili prigodan dan Datum blagdana Datum izlaska Sastavlja\u010d 1. Uskrs 31.03.2024. 30.03.2024. Antun Golubi\u0107 2. Dan Me\u0111imurske \u017eupanije 30.04.2024. 22.04.2024. Ivan \u010coti\u0107 3. Praznik rada 01.05.2024. 29.05.2024. Mladen Markoba\u0161i\u0107 4. Maj\u010din dan 14.05.2024. 13.05.2024. Milan \u0110uri\u0107 5. Dan grada \u010cakovca 29.05.2024. 20.04.2024. Miro Sabol\u010dec 6. [&hellip;]<\/p>\n","protected":false},"author":1,"featured_media":0,"comment_status":"open","ping_status":"open","sticky":false,"template":"","format":"standard","meta":{"footnotes":""},"categories":[1],"tags":[],"class_list":["post-1471","post","type-post","status-publish","format-standard","hentry","category-nekategorizirano"],"_links":{"self":[{"href":"https:\/\/vazak.net\/index.php?rest_route=\/wp\/v2\/posts\/1471","targetHints":{"allow":["GET"]}}],"collection":[{"href":"https:\/\/vazak.net\/index.php?rest_route=\/wp\/v2\/posts"}],"about":[{"href":"https:\/\/vazak.net\/index.php?rest_route=\/wp\/v2\/types\/post"}],"author":[{"embeddable":true,"href":"https:\/\/vazak.net\/index.php?rest_route=\/wp\/v2\/users\/1"}],"replies":[{"embeddable":true,"href":"https:\/\/vazak.net\/index.php?rest_route=%2Fwp%2Fv2%2Fcomments&post=1471"}],"version-history":[{"count":4,"href":"https:\/\/vazak.net\/index.php?rest_route=\/wp\/v2\/posts\/1471\/revisions"}],"predecessor-version":[{"id":1475,"href":"https:\/\/vazak.net\/index.php?rest_route=\/wp\/v2\/posts\/1471\/revisions\/1475"}],"wp:attachment":[{"href":"https:\/\/vazak.net\/index.php?rest_route=%2Fwp%2Fv2%2Fmedia&parent=1471"}],"wp:term":[{"taxonomy":"category","embeddable":true,"href":"https:\/\/vazak.net\/index.php?rest_route=%2Fwp%2Fv2%2Fcategories&post=1471"},{"taxonomy":"post_tag","embeddable":true,"href":"https:\/\/vazak.net\/index.php?rest_route=%2Fwp%2Fv2%2Ftags&post=1471"}],"curies":[{"name":"wp","href":"https:\/\/api.w.org\/{rel}","templated":true}]}}